{"id":4420,"date":"2024-03-14T14:42:57","date_gmt":"2024-03-14T12:42:57","guid":{"rendered":"https:\/\/etti.upb.ro\/?p=4420"},"modified":"2025-02-11T12:31:43","modified_gmt":"2025-02-11T10:31:43","slug":"concursul-profesional-tudor-tanasescu","status":"publish","type":"post","link":"https:\/\/etti.upb.ro\/en\/2024\/03\/14\/concursul-profesional-tudor-tanasescu\/","title":{"rendered":"\"Tudor Tanasescu\" Professional Competition"},"content":{"rendered":"<div data-elementor-type=\"wp-post\" data-elementor-id=\"4420\" class=\"elementor elementor-4420\">\n<div class=\"elementor-element elementor-element-99bc5dc e-flex e-con-boxed e-con e-parent\" data-id=\"99bc5dc\" data-element_type=\"container\" data-e-type=\"container\">\n<div class=\"e-con-inner\">\n<div class=\"elementor-element elementor-element-8bf11f3 elementor-widget elementor-widget-text-editor\" data-id=\"8bf11f3\" data-element_type=\"widget\" data-e-type=\"widget\" data-widget_type=\"text-editor.default\">\n<div class=\"elementor-widget-container\">\n<p style=\"font-size: 18px; font-family: Aptos,serif; background-color: white; direction: ltr; margin: 0 0 10pt 0; line-height: 12.65pt;\"><strong><span style=\"color: #222222; font-family: Calibri,sans-serif;\">It is with great excitement that we would like to announce that we are launching the registration for <\/span><\/strong><\/p>\n<p style=\"font-size: 18px; font-family: Aptos,serif; background-color: white; direction: ltr; margin: 0 0 10pt 0; line-height: 12.65pt;\"><strong><span style=\"color: #222222; font-family: Calibri,sans-serif;\">a new edition of <\/span><\/strong><\/p>\n<p style=\"font-size: 18px; font-family: Aptos,serif; background-color: white; direction: ltr; margin: 0 0 10pt 0; line-height: 12.65pt;\"><strong><span style=\"color: #222222; font-family: Calibri,sans-serif;\">\"Tudor Tanasescu\" Professional Competition, National stage.<\/span><\/strong><\/p>\n<p style=\"font-size: 18px; font-family: Aptos,serif; background-color: white; direction: ltr; margin: 0 0 10pt 0; line-height: 12.65pt;\"><span style=\"color: #222222; font-family: Calibri,sans-serif;\">Organised, with short interruptions, since 1974, the competition celebrates this year <em>50 years<\/em> since its inception and is called the most important professional competition for students of the Romanian faculties of electronics, automation and computers.<\/span><\/p>\n<p style=\"font-size: 18px; font-family: Aptos,serif; background-color: white; direction: ltr; margin: 0 0 10pt 0; line-height: 12.65pt;\"><span style=\"color: #222222; font-family: Calibri,sans-serif;\">It will take place during <strong>5-6 April 2024<\/strong> at the Faculty of Electronics, Telecommunications and Information Technology in Bucharest.<\/span><\/p>\n<p style=\"font-size: 18px; font-family: Aptos,serif; background-color: white; direction: ltr; margin: 0 0 10pt 0; line-height: 12.65pt;\"><span style=\"color: #222222; font-family: Calibri,sans-serif;\">The competition is aimed at students of <strong>3rd and 4th year<\/strong> with the mention that Master's students can also apply. <\/span><\/p>\n<p style=\"font-size: 18px; font-family: Aptos,serif; background-color: white; direction: ltr; margin: 0 0 10pt 0; line-height: 12.65pt;\"><span style=\"color: #222222; font-family: Calibri,sans-serif;\"><strong>The samples covered in the competition are Analog Integrated Circuits (ACI) and Signals, Circuits and Systems (SCS).<\/strong><\/span><\/p>\n<p style=\"font-size: 18px; font-family: Aptos,serif; background-color: white; direction: ltr; margin: 0 0 10pt 0; line-height: 12.65pt;\"><span style=\"color: #222222; font-family: Calibri,sans-serif;\"><strong>Registration is open until 18 March 2024.<\/strong><\/span><\/p>\n<p style=\"font-size: 18px; font-family: Aptos,serif; background-color: white; direction: ltr; margin: 0 0 10pt 0; line-height: 12.65pt;\"><span style=\"color: #222222; font-family: Calibri,sans-serif;\">\u00a0The participant will choose to register for one of the two events mentioned<\/span> by accessing the following form:<\/p>\n<p><em><a href=\"https:\/\/docs.google.com\/forms\/d\/e\/1FAIpQLScfi9JgBM2bhDvNCqWG7YRRFdwyVy_Qfno4jPDOVN1QXaidUg\/viewform?fbclid=IwAR360NuXW49TIb1dqZXELHpR1caxuG_otDzwWgZ0HFFRUFFr9dQhpHv1zww\" target=\"_blank\"><strong style=\"color: #0088ff;\">APPLICATION FORM<\/strong><\/a><\/em><\/p>\n<p style=\"font-size: 18px; font-family: Aptos,serif; background-color: white; direction: ltr; margin: 0 0 10pt 0; line-height: 12.65pt;\"><span style=\"color: #222222; font-family: Calibri,sans-serif;\">Participants will receive free accommodation and meals for the duration of the competition.<\/span><\/p>\n<p style=\"font-size: 18px; font-family: Aptos,serif; background-color: white; direction: ltr; margin: 0 0 10pt 0; line-height: 12.65pt;\"><span style=\"color: #222222; font-family: Calibri,sans-serif;\">If you have any questions, do not hesitate to contact us on <a href=\"https:\/\/www.facebook.com\/concursulprofesionaltudortanasescu\/\"><strong style=\"color: #0088ff;\">Facebook page dedicated to the competition<\/strong><\/a>.<\/span><\/p>\n<p style=\"font-size: 18px; font-family: Aptos,serif; background-color: white; direction: ltr; margin: 0 0 10pt 0; line-height: 12.65pt;\"><span style=\"color: #222222; font-family: Calibri,sans-serif;\"> Thank you and we wish you success!<\/span><\/p>\n<\/p><\/div>\n<\/p><\/div>\n<\/p><\/div>\n<\/p><\/div>\n<\/p><\/div>","protected":false},"excerpt":{"rendered":"<p>Plini de entuziasm dorim s\u0103 anun\u021b\u0103m c\u0103 d\u0103m startul \u00eenscrierilor pentru o nou\u0103 edi\u021bie a Concursului Profesional &#8222;Tudor T\u0103n\u0103sescu&#8221;, etapa Na\u021bional\u0103. Organizat, cu mici \u00eentreruperi, \u00eenc\u0103 din anul 1974, concursul celebreaz\u0103 anul acesta 50 de ani de la debut \u0219i se intituleaz\u0103 ca fiind cea mai important\u0103 \u00eentrecere profesional\u0103 pentru studen\u021bii facult\u0103\u021bilor cu profil electronic, de automatic\u0103 \u0219i calculatoare din [&hellip;]<\/p>\n","protected":false},"author":29,"featured_media":0,"comment_status":"closed","ping_status":"closed","sticky":false,"template":"","format":"standard","meta":{"_acf_changed":false,"_coblocks_attr":"","_coblocks_dimensions":"","_coblocks_responsive_height":"","_coblocks_accordion_ie_support":"","_eb_attr":"","_uag_custom_page_level_css":"","footnotes":""},"categories":[167,213,12,1],"tags":[],"class_list":["post-4420","post","type-post","status-publish","format-standard","hentry","category-avizier","category-concursuri","category-news","category-fara-categorie"],"acf":[],"featured_image_src":null,"author_info":{"display_name":"Vanghele Ramona","author_link":"https:\/\/etti.upb.ro\/en\/author\/ramona-vanghele\/"},"uagb_featured_image_src":{"full":false,"thumbnail":false,"medium":false,"medium_large":false,"large":false,"elegant_blocks_team_1":false,"elegant_blocks_blog_1":false,"elegant_blocks_slider_1":false,"1536x1536":false,"2048x2048":false,"trp-custom-language-flag":false,"bizberg_medium":false,"bizberg_gallery":false,"bizberg_blog_list":false,"bizberg_detail_image":false,"bizberg_portfolio_homepage":false,"bizberg_blog_list_no_sidebar_1":false,"bizberg_detail_image_no_sidebar":false},"uagb_author_info":{"display_name":"Vanghele Ramona","author_link":"https:\/\/etti.upb.ro\/en\/author\/ramona-vanghele\/"},"uagb_comment_info":0,"uagb_excerpt":"Plini de entuziasm dorim s\u0103 anun\u021b\u0103m c\u0103 d\u0103m startul \u00eenscrierilor pentru o nou\u0103 edi\u021bie a Concursului Profesional &#8222;Tudor T\u0103n\u0103sescu&#8221;, etapa Na\u021bional\u0103. Organizat, cu mici \u00eentreruperi, \u00eenc\u0103 din anul 1974, concursul celebreaz\u0103 anul acesta 50 de ani de la debut \u0219i se intituleaz\u0103 ca fiind cea mai important\u0103 \u00eentrecere profesional\u0103 pentru studen\u021bii facult\u0103\u021bilor cu profil electronic,&hellip;","_links":{"self":[{"href":"https:\/\/etti.upb.ro\/en\/wp-json\/wp\/v2\/posts\/4420","targetHints":{"allow":["GET"]}}],"collection":[{"href":"https:\/\/etti.upb.ro\/en\/wp-json\/wp\/v2\/posts"}],"about":[{"href":"https:\/\/etti.upb.ro\/en\/wp-json\/wp\/v2\/types\/post"}],"author":[{"embeddable":true,"href":"https:\/\/etti.upb.ro\/en\/wp-json\/wp\/v2\/users\/29"}],"replies":[{"embeddable":true,"href":"https:\/\/etti.upb.ro\/en\/wp-json\/wp\/v2\/comments?post=4420"}],"version-history":[{"count":14,"href":"https:\/\/etti.upb.ro\/en\/wp-json\/wp\/v2\/posts\/4420\/revisions"}],"predecessor-version":[{"id":7925,"href":"https:\/\/etti.upb.ro\/en\/wp-json\/wp\/v2\/posts\/4420\/revisions\/7925"}],"wp:attachment":[{"href":"https:\/\/etti.upb.ro\/en\/wp-json\/wp\/v2\/media?parent=4420"}],"wp:term":[{"taxonomy":"category","embeddable":true,"href":"https:\/\/etti.upb.ro\/en\/wp-json\/wp\/v2\/categories?post=4420"},{"taxonomy":"post_tag","embeddable":true,"href":"https:\/\/etti.upb.ro\/en\/wp-json\/wp\/v2\/tags?post=4420"}],"curies":[{"name":"wp","href":"https:\/\/api.w.org\/{rel}","templated":true}]}}