{"id":5583,"date":"2024-07-24T16:23:42","date_gmt":"2024-07-24T13:23:42","guid":{"rendered":"https:\/\/etti.upb.ro\/?p=5583"},"modified":"2024-07-25T11:08:27","modified_gmt":"2024-07-25T08:08:27","slug":"program-secretariat-vara-2024","status":"publish","type":"post","link":"https:\/\/etti.upb.ro\/en\/2024\/07\/24\/program-secretariat-vara-2024\/","title":{"rendered":"Secretariat Program - SUMMER 2024"},"content":{"rendered":"<p>The secretariat will be open during the vacation period (July 27 - August 26, 2024),<strong>strictly for emergencies<\/strong>, according to the following program:\u00a0<\/p>\n\n\n\n<ul class=\"wp-block-list\">\n<li>\u00a0Wednesday, July 31, 2024 - 10:00-12:00\u00a0<\/li>\n<\/ul>\n\n\n\n<ul class=\"wp-block-list\">\n<li>Wednesday August 07, 2024 - 10:00-12:00\u00a0<\/li>\n<\/ul>\n\n\n\n<ul class=\"wp-block-list\">\n<li>Wednesday August 14, 2024 - 10:00-12:00\u00a0<\/li>\n<\/ul>\n\n\n\n<ul class=\"wp-block-list\">\n<li>Wednesday August 21, 2024 - 10:00-12:00\u00a0<\/li>\n<\/ul>\n\n\n\n<figure class=\"wp-block-image size-full\"><img decoding=\"async\" width=\"1\" height=\"1\" src=\"https:\/\/etti.upb.ro\/wp-content\/uploads\/2024\/07\/image-3.png\" alt=\"\" class=\"wp-image-5584\"\/><\/figure>\n\n\n\n<p><strong>ATTENTION!!!!<\/strong>&nbsp;<\/p>\n\n\n\n<p><strong>Only requests for student attestations and attestations for those admitted and enrolled in the first year following the entrance exam will be processed.<\/strong>&nbsp;<\/p>\n\n\n\n<p><strong>We do not accept requests for school statements, diploma supplements, pension statements or any other requests from students, graduates or those who have been dismissed.<\/strong>&nbsp;<\/p>\n\n\n\n<p><strong>Emails sent during this period will be retransmitted after 27.08.2024.<\/strong>&nbsp;<\/p>\n\n\n\n<p><strong>\u202f<\/strong>&nbsp;<\/p>\n\n\n\n<p><strong>THANKS FOR YOUR UNDERSTANDING!<\/strong>&nbsp;<br>&nbsp;<\/p>\n\n\n\n<p><strong>\u202f<\/strong>&nbsp;<\/p>\n\n\n\n<p><strong>DEAN<\/strong>&nbsp;<\/p>","protected":false},"excerpt":{"rendered":"<p>\u00cen timplul vacan\u021bei (27 iulie-26 august 2024), secretariatul va func\u0163iona,\u202fstrict pentru urgen\u0163e,\u202f dup\u0103 urm\u0103torul program:\u00a0 ATEN\u0162IE!!!!&nbsp; \u202fSe vor solu\u0163iona\u202fnumai solicit\u0103rile de adeverin\u0163e de student \u015fi adeverin\u0163e pentru cei admi\u015fi \u015fi \u00eenmatricula\u0163i\u202f \u00een anul I \u00een urma examenului de admitere.&nbsp; Nu se primesc cereri de situa\u0163ii \u015fcolare, suplimente la diplome, adeverin\u0163e pentru casa de pensii \u015fi orice alte cereri din partea [&hellip;]<\/p>\n","protected":false},"author":29,"featured_media":0,"comment_status":"closed","ping_status":"closed","sticky":false,"template":"","format":"standard","meta":{"_acf_changed":false,"_coblocks_attr":"","_coblocks_dimensions":"","_coblocks_responsive_height":"","_coblocks_accordion_ie_support":"","_eb_attr":"","_uag_custom_page_level_css":"","footnotes":""},"categories":[20,1],"tags":[],"class_list":["post-5583","post","type-post","status-publish","format-standard","hentry","category-anunturi","category-fara-categorie"],"acf":[],"featured_image_src":null,"author_info":{"display_name":"Vanghele Ramona","author_link":"https:\/\/etti.upb.ro\/en\/author\/ramona-vanghele\/"},"uagb_featured_image_src":{"full":false,"thumbnail":false,"medium":false,"medium_large":false,"large":false,"elegant_blocks_team_1":false,"elegant_blocks_blog_1":false,"elegant_blocks_slider_1":false,"1536x1536":false,"2048x2048":false,"trp-custom-language-flag":false,"bizberg_medium":false,"bizberg_gallery":false,"bizberg_blog_list":false,"bizberg_detail_image":false,"bizberg_portfolio_homepage":false,"bizberg_blog_list_no_sidebar_1":false,"bizberg_detail_image_no_sidebar":false},"uagb_author_info":{"display_name":"Vanghele Ramona","author_link":"https:\/\/etti.upb.ro\/en\/author\/ramona-vanghele\/"},"uagb_comment_info":0,"uagb_excerpt":"\u00cen timplul vacan\u021bei (27 iulie-26 august 2024), secretariatul va func\u0163iona,\u202fstrict pentru urgen\u0163e,\u202f dup\u0103 urm\u0103torul program:\u00a0 ATEN\u0162IE!!!!&nbsp; \u202fSe vor solu\u0163iona\u202fnumai solicit\u0103rile de adeverin\u0163e de student \u015fi adeverin\u0163e pentru cei admi\u015fi \u015fi \u00eenmatricula\u0163i\u202f \u00een anul I \u00een urma examenului de admitere.&nbsp; Nu se primesc cereri de situa\u0163ii \u015fcolare, suplimente la diplome, adeverin\u0163e pentru casa de pensii \u015fi&hellip;","_links":{"self":[{"href":"https:\/\/etti.upb.ro\/en\/wp-json\/wp\/v2\/posts\/5583","targetHints":{"allow":["GET"]}}],"collection":[{"href":"https:\/\/etti.upb.ro\/en\/wp-json\/wp\/v2\/posts"}],"about":[{"href":"https:\/\/etti.upb.ro\/en\/wp-json\/wp\/v2\/types\/post"}],"author":[{"embeddable":true,"href":"https:\/\/etti.upb.ro\/en\/wp-json\/wp\/v2\/users\/29"}],"replies":[{"embeddable":true,"href":"https:\/\/etti.upb.ro\/en\/wp-json\/wp\/v2\/comments?post=5583"}],"version-history":[{"count":3,"href":"https:\/\/etti.upb.ro\/en\/wp-json\/wp\/v2\/posts\/5583\/revisions"}],"predecessor-version":[{"id":6343,"href":"https:\/\/etti.upb.ro\/en\/wp-json\/wp\/v2\/posts\/5583\/revisions\/6343"}],"wp:attachment":[{"href":"https:\/\/etti.upb.ro\/en\/wp-json\/wp\/v2\/media?parent=5583"}],"wp:term":[{"taxonomy":"category","embeddable":true,"href":"https:\/\/etti.upb.ro\/en\/wp-json\/wp\/v2\/categories?post=5583"},{"taxonomy":"post_tag","embeddable":true,"href":"https:\/\/etti.upb.ro\/en\/wp-json\/wp\/v2\/tags?post=5583"}],"curies":[{"name":"wp","href":"https:\/\/api.w.org\/{rel}","templated":true}]}}