{"id":9221,"date":"2025-09-19T09:03:26","date_gmt":"2025-09-19T06:03:26","guid":{"rendered":"https:\/\/etti.upb.ro\/?p=9221"},"modified":"2025-09-19T09:05:55","modified_gmt":"2025-09-19T06:05:55","slug":"in-atentia-absolventilor-de-masterat-2","status":"publish","type":"post","link":"https:\/\/etti.upb.ro\/en\/2025\/09\/19\/in-atentia-absolventilor-de-masterat-2\/","title":{"rendered":"FOR MASTER'S GRADUATES"},"content":{"rendered":"<div data-elementor-type=\"wp-post\" data-elementor-id=\"9221\" class=\"elementor elementor-9221\">\n<div class=\"elementor-element elementor-element-6c0ddf3 e-flex e-con-boxed e-con e-parent\" data-id=\"6c0ddf3\" data-element_type=\"container\" data-e-type=\"container\">\n<div class=\"e-con-inner\">\n<div class=\"elementor-element elementor-element-da0da1c elementor-widget elementor-widget-text-editor\" data-id=\"da0da1c\" data-element_type=\"widget\" data-e-type=\"widget\" data-widget_type=\"text-editor.default\">\n<div class=\"elementor-widget-container\">\n<h5>\u00a0<\/h5>\n<h4>SESSION September 2025<\/h4>\n<h5>\u00a0<\/h5>\n<p><strong>MASTER'S GRADUATES, September 2025 PROMOTION, MAY RECEIVE THEIR GRADUATION CERTIFICATES FROM THE FACULTY SECRETARIAT, ACCORDING TO THE SCHOOL'S SCHEDULE FOR WORK WITH THE PUBLIC.<\/strong><\/p>\n<p><strong>Head of Faculty Secretary<\/strong><\/p>\n<p><strong>19.09.2025<\/strong><\/p>\n<\/p><\/div>\n<\/p><\/div>\n<\/p><\/div>\n<\/p><\/div>\n<\/p><\/div>","protected":false},"excerpt":{"rendered":"<p>\u00a0 September 2025 SESSION MASTER'S GRADUATES, September 2025 PROMOTION, MAY RECEIVE THEIR GRADUATION CERTIFICATES FROM THE FACULTY SECRETARIAT, ACCORDING TO THE SCHEDULE OF WORK WITH THE PUBLIC. Chief Faculty Secretary 19.09.2025<\/p>","protected":false},"author":29,"featured_media":0,"comment_status":"closed","ping_status":"closed","sticky":false,"template":"","format":"standard","meta":{"_acf_changed":false,"_coblocks_attr":"","_coblocks_dimensions":"","_coblocks_responsive_height":"","_coblocks_accordion_ie_support":"","_eb_attr":"","_uag_custom_page_level_css":"","footnotes":""},"categories":[20,1],"tags":[],"class_list":["post-9221","post","type-post","status-publish","format-standard","hentry","category-anunturi","category-fara-categorie"],"acf":[],"featured_image_src":null,"author_info":{"display_name":"Vanghele Ramona","author_link":"https:\/\/etti.upb.ro\/en\/author\/ramona-vanghele\/"},"uagb_featured_image_src":{"full":false,"thumbnail":false,"medium":false,"medium_large":false,"large":false,"elegant_blocks_team_1":false,"elegant_blocks_blog_1":false,"elegant_blocks_slider_1":false,"1536x1536":false,"2048x2048":false,"trp-custom-language-flag":false,"bizberg_medium":false,"bizberg_gallery":false,"bizberg_blog_list":false,"bizberg_detail_image":false,"bizberg_portfolio_homepage":false,"bizberg_blog_list_no_sidebar_1":false,"bizberg_detail_image_no_sidebar":false},"uagb_author_info":{"display_name":"Vanghele Ramona","author_link":"https:\/\/etti.upb.ro\/en\/author\/ramona-vanghele\/"},"uagb_comment_info":0,"uagb_excerpt":"\u00a0 SESIUNEA Septembrie 2025 \u00a0 ABSOLVEN\u0162II DE MASTERAT, PROMO\u0162IA septembrie 2025, \u00ce\u015eI POT RIDICA ADEVERIN\u0162ELE DE ABSOLVIRE, DE LA SECRETARIATUL FACULT\u0102\u0162II, CONFORM PROGRAM DE LUCRU CU PUBLICUL. Secretar \u0218ef Facultate 19.09.2025","_links":{"self":[{"href":"https:\/\/etti.upb.ro\/en\/wp-json\/wp\/v2\/posts\/9221","targetHints":{"allow":["GET"]}}],"collection":[{"href":"https:\/\/etti.upb.ro\/en\/wp-json\/wp\/v2\/posts"}],"about":[{"href":"https:\/\/etti.upb.ro\/en\/wp-json\/wp\/v2\/types\/post"}],"author":[{"embeddable":true,"href":"https:\/\/etti.upb.ro\/en\/wp-json\/wp\/v2\/users\/29"}],"replies":[{"embeddable":true,"href":"https:\/\/etti.upb.ro\/en\/wp-json\/wp\/v2\/comments?post=9221"}],"version-history":[{"count":4,"href":"https:\/\/etti.upb.ro\/en\/wp-json\/wp\/v2\/posts\/9221\/revisions"}],"predecessor-version":[{"id":9225,"href":"https:\/\/etti.upb.ro\/en\/wp-json\/wp\/v2\/posts\/9221\/revisions\/9225"}],"wp:attachment":[{"href":"https:\/\/etti.upb.ro\/en\/wp-json\/wp\/v2\/media?parent=9221"}],"wp:term":[{"taxonomy":"category","embeddable":true,"href":"https:\/\/etti.upb.ro\/en\/wp-json\/wp\/v2\/categories?post=9221"},{"taxonomy":"post_tag","embeddable":true,"href":"https:\/\/etti.upb.ro\/en\/wp-json\/wp\/v2\/tags?post=9221"}],"curies":[{"name":"wp","href":"https:\/\/api.w.org\/{rel}","templated":true}]}}